{"id":7758,"date":"2023-03-20T08:59:28","date_gmt":"2023-03-20T08:59:28","guid":{"rendered":"https:\/\/cave-emery.ch\/la-vigne-pleure\/"},"modified":"2023-05-10T05:57:11","modified_gmt":"2023-05-10T05:57:11","slug":"la-vigne-pleure","status":"publish","type":"post","link":"https:\/\/cave-emery.ch\/de\/la-vigne-pleure\/","title":{"rendered":"DIE REBE WEINT"},"content":{"rendered":"\t\t<div data-elementor-type=\"wp-post\" data-elementor-id=\"7758\" class=\"elementor elementor-7758 elementor-7557\" data-elementor-post-type=\"post\">\n\t\t\t\t\t\t<section class=\"elementor-section elementor-top-section elementor-element elementor-element-14d6c6 elementor-section-boxed elementor-section-height-default elementor-section-height-default\" data-id=\"14d6c6\" data-element_type=\"section\" data-e-type=\"section\">\n\t\t\t\t\t\t<div class=\"elementor-container elementor-column-gap-default\">\n\t\t\t\t\t<div class=\"elementor-column elementor-col-100 elementor-top-column elementor-element elementor-element-6e236c3f\" data-id=\"6e236c3f\" data-element_type=\"column\" data-e-type=\"column\">\n\t\t\t<div class=\"elementor-widget-wrap elementor-element-populated\">\n\t\t\t\t\t\t<div class=\"elementor-element elementor-element-b20c762 elementor-widget elementor-widget-heading\" data-id=\"b20c762\" data-element_type=\"widget\" data-e-type=\"widget\" data-widget_type=\"heading.default\">\n\t\t\t\t<div class=\"elementor-widget-container\">\n\t\t\t\t\t<h2 class=\"elementor-heading-title elementor-size-default\">Warum weint die Weinrebe im Fr\u00fchling?<\/h2>\t\t\t\t<\/div>\n\t\t\t\t<\/div>\n\t\t\t\t<div class=\"elementor-element elementor-element-0cb5cec elementor-widget elementor-widget-spacer\" data-id=\"0cb5cec\" data-element_type=\"widget\" data-e-type=\"widget\" data-widget_type=\"spacer.default\">\n\t\t\t\t<div class=\"elementor-widget-container\">\n\t\t\t\t\t\t\t<div class=\"elementor-spacer\">\n\t\t\t<div class=\"elementor-spacer-inner\"><\/div>\n\t\t<\/div>\n\t\t\t\t\t\t<\/div>\n\t\t\t\t<\/div>\n\t\t\t\t<div class=\"elementor-element elementor-element-33bdba51 elementor-widget elementor-widget-text-editor\" data-id=\"33bdba51\" data-element_type=\"widget\" data-e-type=\"widget\" data-widget_type=\"text-editor.default\">\n\t\t\t\t<div class=\"elementor-widget-container\">\n\t\t\t\t\t\t\t\t\t<p>Mit der R\u00fcckkehr der sch\u00f6nen Tage<\/p>\n\t\t\t\t\t\t\t\t<\/div>\n\t\t\t\t<\/div>\n\t\t\t\t\t<\/div>\n\t\t<\/div>\n\t\t\t\t\t<\/div>\n\t\t<\/section>\n\t\t\t\t<section class=\"elementor-section elementor-top-section elementor-element elementor-element-e14ad1f elementor-section-boxed elementor-section-height-default elementor-section-height-default\" data-id=\"e14ad1f\" data-element_type=\"section\" data-e-type=\"section\">\n\t\t\t\t\t\t<div class=\"elementor-container elementor-column-gap-default\">\n\t\t\t\t\t<div class=\"elementor-column elementor-col-100 elementor-top-column elementor-element elementor-element-2873bf5\" data-id=\"2873bf5\" data-element_type=\"column\" data-e-type=\"column\">\n\t\t\t<div class=\"elementor-widget-wrap elementor-element-populated\">\n\t\t\t\t\t\t<div class=\"elementor-element elementor-element-555965c elementor-widget elementor-widget-heading\" data-id=\"555965c\" data-element_type=\"widget\" data-e-type=\"widget\" data-widget_type=\"heading.default\">\n\t\t\t\t<div class=\"elementor-widget-container\">\n\t\t\t\t\t<h4 class=\"elementor-heading-title elementor-size-default\">Ein erstaunliches Ph\u00e4nomen zu beobachten<\/h4>\t\t\t\t<\/div>\n\t\t\t\t<\/div>\n\t\t\t\t<div class=\"elementor-element elementor-element-95d1b52 elementor-widget elementor-widget-text-editor\" data-id=\"95d1b52\" data-element_type=\"widget\" data-e-type=\"widget\" data-widget_type=\"text-editor.default\">\n\t\t\t\t<div class=\"elementor-widget-container\">\n\t\t\t\t\t\t\t\t\t<p data-v-d705472c=\"\"><span style=\"white-space: pre-wrap;\">Auch wenn die Gipfel noch mit einem wei\u00dfen Mantel bedeckt sind, klingelt der Fr\u00fchling an unserer T\u00fcr&#8230; und w\u00e4hrend Eidechsen, Marienk\u00e4fer und andere Schmetterlinge bereits aktiv sind, beginnt die Weinrebe ganz langsam aus ihrer Winterruhe zu erwachen&#8230;<\/span><\/p>\n<p data-v-d705472c=\"\">Der Saft steigt nach oben und beim Schneiden einer Rebe bildet sich ein Tropfen. Man sagt dann, dass&nbsp; &#8222;die Rebe weint&#8220;. Es ist daher h\u00f6chste Zeit, die Beschneidungsarbeiten in den verbleibenden Parzellen abzuschlie\u00dfen.<br><\/p>\t\t\t\t\t\t\t\t<\/div>\n\t\t\t\t<\/div>\n\t\t\t\t\t<\/div>\n\t\t<\/div>\n\t\t\t\t\t<\/div>\n\t\t<\/section>\n\t\t\t\t<section class=\"elementor-section elementor-top-section elementor-element elementor-element-4f13b4f elementor-section-boxed elementor-section-height-default elementor-section-height-default\" data-id=\"4f13b4f\" data-element_type=\"section\" data-e-type=\"section\">\n\t\t\t\t\t\t<div class=\"elementor-container elementor-column-gap-default\">\n\t\t\t\t\t<div class=\"elementor-column elementor-col-33 elementor-top-column elementor-element elementor-element-e1092d0\" data-id=\"e1092d0\" data-element_type=\"column\" data-e-type=\"column\">\n\t\t\t<div class=\"elementor-widget-wrap elementor-element-populated\">\n\t\t\t\t\t\t<div class=\"elementor-element elementor-element-f5e4446 elementor-widget elementor-widget-image\" data-id=\"f5e4446\" data-element_type=\"widget\" data-e-type=\"widget\" data-widget_type=\"image.default\">\n\t\t\t\t<div class=\"elementor-widget-container\">\n\t\t\t\t\t\t\t\t\t\t\t\t\t\t\t<img loading=\"lazy\" decoding=\"async\" width=\"450\" height=\"338\" src=\"https:\/\/cave-emery.ch\/wp-content\/uploads\/2023\/03\/Cave-Alain-Emery-Aigle-Vinge-Pleurs-Printemps-2.jpg\" class=\"attachment-full size-full wp-image-7566\" alt=\"\" srcset=\"https:\/\/cave-emery.ch\/wp-content\/uploads\/2023\/03\/Cave-Alain-Emery-Aigle-Vinge-Pleurs-Printemps-2.jpg 450w, https:\/\/cave-emery.ch\/wp-content\/uploads\/2023\/03\/Cave-Alain-Emery-Aigle-Vinge-Pleurs-Printemps-2-300x225.jpg 300w\" sizes=\"auto, (max-width: 450px) 100vw, 450px\" \/>\t\t\t\t\t\t\t\t\t\t\t\t\t\t\t<\/div>\n\t\t\t\t<\/div>\n\t\t\t\t\t<\/div>\n\t\t<\/div>\n\t\t\t\t<div class=\"elementor-column elementor-col-33 elementor-top-column elementor-element elementor-element-b46a49f\" data-id=\"b46a49f\" data-element_type=\"column\" data-e-type=\"column\">\n\t\t\t<div class=\"elementor-widget-wrap elementor-element-populated\">\n\t\t\t\t\t\t<div class=\"elementor-element elementor-element-8195437 elementor-widget elementor-widget-image\" data-id=\"8195437\" data-element_type=\"widget\" data-e-type=\"widget\" data-widget_type=\"image.default\">\n\t\t\t\t<div class=\"elementor-widget-container\">\n\t\t\t\t\t\t\t\t\t\t\t\t\t\t\t<img loading=\"lazy\" decoding=\"async\" width=\"450\" height=\"338\" src=\"https:\/\/cave-emery.ch\/wp-content\/uploads\/2023\/03\/Cave-Alain-Emery-Aigle-Vinge-Pleurs-Printemps-3.jpg\" class=\"attachment-full size-full wp-image-7569\" alt=\"\" srcset=\"https:\/\/cave-emery.ch\/wp-content\/uploads\/2023\/03\/Cave-Alain-Emery-Aigle-Vinge-Pleurs-Printemps-3.jpg 450w, https:\/\/cave-emery.ch\/wp-content\/uploads\/2023\/03\/Cave-Alain-Emery-Aigle-Vinge-Pleurs-Printemps-3-300x225.jpg 300w\" sizes=\"auto, (max-width: 450px) 100vw, 450px\" \/>\t\t\t\t\t\t\t\t\t\t\t\t\t\t\t<\/div>\n\t\t\t\t<\/div>\n\t\t\t\t\t<\/div>\n\t\t<\/div>\n\t\t\t\t<div class=\"elementor-column elementor-col-33 elementor-top-column elementor-element elementor-element-4865874\" data-id=\"4865874\" data-element_type=\"column\" data-e-type=\"column\">\n\t\t\t<div class=\"elementor-widget-wrap elementor-element-populated\">\n\t\t\t\t\t\t<div class=\"elementor-element elementor-element-e9de9af elementor-widget elementor-widget-image\" data-id=\"e9de9af\" data-element_type=\"widget\" data-e-type=\"widget\" data-widget_type=\"image.default\">\n\t\t\t\t<div class=\"elementor-widget-container\">\n\t\t\t\t\t\t\t\t\t\t\t\t\t\t\t<img loading=\"lazy\" decoding=\"async\" width=\"450\" height=\"338\" src=\"https:\/\/cave-emery.ch\/wp-content\/uploads\/2023\/03\/Cave-Alain-Emery-Aigle-Vinge-Pleurs-Printemps-1.jpg\" class=\"attachment-full size-full wp-image-7563\" alt=\"\" srcset=\"https:\/\/cave-emery.ch\/wp-content\/uploads\/2023\/03\/Cave-Alain-Emery-Aigle-Vinge-Pleurs-Printemps-1.jpg 450w, https:\/\/cave-emery.ch\/wp-content\/uploads\/2023\/03\/Cave-Alain-Emery-Aigle-Vinge-Pleurs-Printemps-1-300x225.jpg 300w\" sizes=\"auto, (max-width: 450px) 100vw, 450px\" \/>\t\t\t\t\t\t\t\t\t\t\t\t\t\t\t<\/div>\n\t\t\t\t<\/div>\n\t\t\t\t\t<\/div>\n\t\t<\/div>\n\t\t\t\t\t<\/div>\n\t\t<\/section>\n\t\t\t\t<section class=\"elementor-section elementor-top-section elementor-element elementor-element-cb417ba elementor-section-boxed elementor-section-height-default elementor-section-height-default\" data-id=\"cb417ba\" data-element_type=\"section\" data-e-type=\"section\">\n\t\t\t\t\t\t<div class=\"elementor-container elementor-column-gap-default\">\n\t\t\t\t\t<div class=\"elementor-column elementor-col-100 elementor-top-column elementor-element elementor-element-df6f3c8\" data-id=\"df6f3c8\" data-element_type=\"column\" data-e-type=\"column\">\n\t\t\t<div class=\"elementor-widget-wrap elementor-element-populated\">\n\t\t\t\t\t\t<div class=\"elementor-element elementor-element-8579859 elementor-widget elementor-widget-global elementor-global-9696 elementor-global-6562 elementor-widget-image\" data-id=\"8579859\" data-element_type=\"widget\" data-e-type=\"widget\" data-widget_type=\"image.default\">\n\t\t\t\t<div class=\"elementor-widget-container\">\n\t\t\t\t\t\t\t\t\t\t\t\t\t\t\t<img decoding=\"async\" src=\"https:\/\/cave-emery.ch\/wp-content\/uploads\/elementor\/thumbs\/logo-Cave-Emery-hd-pvyd2q9g1huua30ydxq40t5vvt60qny9q71xvw6dss.png\" title=\"logo Cave Emery hd\" alt=\"logo Cave Emery hd\" loading=\"lazy\" \/>\t\t\t\t\t\t\t\t\t\t\t\t\t\t\t<\/div>\n\t\t\t\t<\/div>\n\t\t\t\t\t<\/div>\n\t\t<\/div>\n\t\t\t\t\t<\/div>\n\t\t<\/section>\n\t\t\t\t<\/div>\n\t\t","protected":false},"excerpt":{"rendered":"<p>Warum weint die Weinrebe im Fr\u00fchling? Mit der R\u00fcckkehr der sch\u00f6nen Tage Ein erstaunliches Ph\u00e4nomen zu beobachten Auch wenn die Gipfel noch mit einem wei\u00dfen Mantel bedeckt sind, klingelt der Fr\u00fchling an unserer T\u00fcr&#8230; und w\u00e4hrend Eidechsen, Marienk\u00e4fer und andere Schmetterlinge bereits aktiv sind, beginnt die Weinrebe ganz langsam aus ihrer Winterruhe zu erwachen&#8230; Der [&hellip;]<\/p>\n","protected":false},"author":3,"featured_media":8662,"comment_status":"closed","ping_status":"closed","sticky":false,"template":"elementor_theme","format":"gallery","meta":{"site-sidebar-layout":"default","site-content-layout":"","ast-site-content-layout":"default","site-content-style":"default","site-sidebar-style":"default","ast-global-header-display":"","ast-banner-title-visibility":"","ast-main-header-display":"","ast-hfb-above-header-display":"","ast-hfb-below-header-display":"","ast-hfb-mobile-header-display":"","site-post-title":"","ast-breadcrumbs-content":"","ast-featured-img":"","footer-sml-layout":"","theme-transparent-header-meta":"","adv-header-id-meta":"","stick-header-meta":"","header-above-stick-meta":"","header-main-stick-meta":"","header-below-stick-meta":"","astra-migrate-meta-layouts":"default","ast-page-background-enabled":"default","ast-page-background-meta":{"desktop":{"background-color":"var(--ast-global-color-4)","background-image":"","background-repeat":"repeat","background-position":"center center","background-size":"auto","background-attachment":"scroll","background-type":"","background-media":"","overlay-type":"","overlay-color":"","overlay-opacity":"","overlay-gradient":""},"tablet":{"background-color":"","background-image":"","background-repeat":"repeat","background-position":"center center","background-size":"auto","background-attachment":"scroll","background-type":"","background-media":"","overlay-type":"","overlay-color":"","overlay-opacity":"","overlay-gradient":""},"mobile":{"background-color":"","background-image":"","background-repeat":"repeat","background-position":"center center","background-size":"auto","background-attachment":"scroll","background-type":"","background-media":"","overlay-type":"","overlay-color":"","overlay-opacity":"","overlay-gradient":""}},"ast-content-background-meta":{"desktop":{"background-color":"var(--ast-global-color-5)","background-image":"","background-repeat":"repeat","background-position":"center center","background-size":"auto","background-attachment":"scroll","background-type":"","background-media":"","overlay-type":"","overlay-color":"","overlay-opacity":"","overlay-gradient":""},"tablet":{"background-color":"var(--ast-global-color-5)","background-image":"","background-repeat":"repeat","background-position":"center center","background-size":"auto","background-attachment":"scroll","background-type":"","background-media":"","overlay-type":"","overlay-color":"","overlay-opacity":"","overlay-gradient":""},"mobile":{"background-color":"var(--ast-global-color-5)","background-image":"","background-repeat":"repeat","background-position":"center center","background-size":"auto","background-attachment":"scroll","background-type":"","background-media":"","overlay-type":"","overlay-color":"","overlay-opacity":"","overlay-gradient":""}},"footnotes":""},"categories":[152],"tags":[154,153],"class_list":["post-7758","post","type-post","status-publish","format-gallery","has-post-thumbnail","hentry","category-weinberge-und-weintrauben","tag-jahreszeiten","tag-reportage-de","post_format-post-format-gallery"],"_links":{"self":[{"href":"https:\/\/cave-emery.ch\/de\/wp-json\/wp\/v2\/posts\/7758","targetHints":{"allow":["GET"]}}],"collection":[{"href":"https:\/\/cave-emery.ch\/de\/wp-json\/wp\/v2\/posts"}],"about":[{"href":"https:\/\/cave-emery.ch\/de\/wp-json\/wp\/v2\/types\/post"}],"author":[{"embeddable":true,"href":"https:\/\/cave-emery.ch\/de\/wp-json\/wp\/v2\/users\/3"}],"replies":[{"embeddable":true,"href":"https:\/\/cave-emery.ch\/de\/wp-json\/wp\/v2\/comments?post=7758"}],"version-history":[{"count":4,"href":"https:\/\/cave-emery.ch\/de\/wp-json\/wp\/v2\/posts\/7758\/revisions"}],"predecessor-version":[{"id":8665,"href":"https:\/\/cave-emery.ch\/de\/wp-json\/wp\/v2\/posts\/7758\/revisions\/8665"}],"wp:featuredmedia":[{"embeddable":true,"href":"https:\/\/cave-emery.ch\/de\/wp-json\/wp\/v2\/media\/8662"}],"wp:attachment":[{"href":"https:\/\/cave-emery.ch\/de\/wp-json\/wp\/v2\/media?parent=7758"}],"wp:term":[{"taxonomy":"category","embeddable":true,"href":"https:\/\/cave-emery.ch\/de\/wp-json\/wp\/v2\/categories?post=7758"},{"taxonomy":"post_tag","embeddable":true,"href":"https:\/\/cave-emery.ch\/de\/wp-json\/wp\/v2\/tags?post=7758"}],"curies":[{"name":"wp","href":"https:\/\/api.w.org\/{rel}","templated":true}]}}